{"id":197,"date":"2007-02-08T19:42:41","date_gmt":"2007-02-08T17:42:41","guid":{"rendered":"http:\/\/www.scrupeda.net\/wordpress\/2007\/02\/08\/opposition-zu-geltenden-gesellschaftlichen-normen-und-werten-zum-ausdruck-bringen\/"},"modified":"2007-02-08T19:49:05","modified_gmt":"2007-02-08T17:49:05","slug":"opposition-zu-geltenden-gesellschaftlichen-normen-und-werten-zum-ausdruck-bringen","status":"publish","type":"post","link":"http:\/\/www.scrupeda.net\/wordpress\/2007\/02\/08\/opposition-zu-geltenden-gesellschaftlichen-normen-und-werten-zum-ausdruck-bringen\/","title":{"rendered":"&#8220;Opposition zu geltenden gesellschaftlichen Normen und Werten zum Ausdruck bringen&#8221;"},"content":{"rendered":"<p><a href=\"http:\/\/www.classless.org\/2007\/02\/08\/kurioses-uber-mich\/\">Ouch!<\/a> Weil, ich mag St\u00f6cke nich. Aber: Ich kann Classless nichts ausschlagen. Deswegen: Kurzfassung.<\/p>\n<ol>\n<li> Ich verbringe einen betr\u00e4chtlichen Teil der meisten Tage und N\u00e4chte mit Ohrst\u00f6pseln.<\/li>\n<li>Ich habe wenige Wochen, nachdem sich Montenegro von Restyugoslwien (=Serbien) getrennt hat erfahren, dass ich nicht nur die deutsche, sondern auch die yugoslawische Staatsb\u00fcrgerschaft habe.<\/li>\n<li>Ich lerne freiwillig Altgriechisch.<\/li>\n<li>Ich sitze gerne im Schneidersitz.<\/li>\n<li> Ich male gerne Leute an.<\/li>\n<li>Ich hatte in der sechsten Klassen deswegen \u00c4rger mit meinem damaligen Schuldirektor, der irgendwann scheinbar einlenkte und meinen Eltern schrieb, dass ich nat\u00fcrlich geschminkt in die Schule kommen d\u00fcrfe, wenn ich damit nicht meine &#8220;Opposition zu geltenden gesellschaftlichen Normen und Werten zum Ausdruck bringen&#8221; wolle.  Worauf ich mich anmalte, er versuchte es mir irgendwie indirekt zu verbieten, ohne dass meine Eltern es mitkriegten, und ich (~ 12 Jahre alt) diese lustige Wortgruppe auswendig lernte (nochmal, weils so h\u00fcbsch ist): &#8220;Opposition zu geltenden gesellschaftlichen Normen und Werten zum Ausdruck bringen&#8221;. <\/li>\n<\/ol>\n","protected":false},"excerpt":{"rendered":"<p>Ouch! Weil, ich mag St\u00f6cke nich. Aber: Ich kann Classless nichts ausschlagen. Deswegen: Kurzfassung. Ich verbringe einen betr\u00e4chtlichen Teil der meisten Tage und N\u00e4chte mit Ohrst\u00f6pseln. Ich habe wenige Wochen, nachdem sich Montenegro von Restyugoslwien (=Serbien) getrennt hat erfahren, dass ich nicht nur die deutsche, sondern auch die yugoslawische Staatsb\u00fcrgerschaft habe. Ich lerne freiwillig Altgriechisch. [&hellip;]<\/p>\n","protected":false},"author":1,"featured_media":0,"comment_status":"open","ping_status":"open","sticky":false,"template":"","format":"standard","meta":{"footnotes":""},"categories":[14,2],"tags":[],"class_list":["post-197","post","type-post","status-publish","format-standard","hentry","category-anderswo","category-humpeln"],"_links":{"self":[{"href":"http:\/\/www.scrupeda.net\/wordpress\/wp-json\/wp\/v2\/posts\/197","targetHints":{"allow":["GET"]}}],"collection":[{"href":"http:\/\/www.scrupeda.net\/wordpress\/wp-json\/wp\/v2\/posts"}],"about":[{"href":"http:\/\/www.scrupeda.net\/wordpress\/wp-json\/wp\/v2\/types\/post"}],"author":[{"embeddable":true,"href":"http:\/\/www.scrupeda.net\/wordpress\/wp-json\/wp\/v2\/users\/1"}],"replies":[{"embeddable":true,"href":"http:\/\/www.scrupeda.net\/wordpress\/wp-json\/wp\/v2\/comments?post=197"}],"version-history":[{"count":0,"href":"http:\/\/www.scrupeda.net\/wordpress\/wp-json\/wp\/v2\/posts\/197\/revisions"}],"wp:attachment":[{"href":"http:\/\/www.scrupeda.net\/wordpress\/wp-json\/wp\/v2\/media?parent=197"}],"wp:term":[{"taxonomy":"category","embeddable":true,"href":"http:\/\/www.scrupeda.net\/wordpress\/wp-json\/wp\/v2\/categories?post=197"},{"taxonomy":"post_tag","embeddable":true,"href":"http:\/\/www.scrupeda.net\/wordpress\/wp-json\/wp\/v2\/tags?post=197"}],"curies":[{"name":"wp","href":"https:\/\/api.w.org\/{rel}","templated":true}]}}