{"id":99,"date":"2006-08-30T22:24:24","date_gmt":"2006-08-30T20:24:24","guid":{"rendered":"http:\/\/www.scrupeda.net\/wordpress\/2006\/08\/30\/uber-alles-deutsche-gestammel-turmhoch-erhaben\/"},"modified":"2006-08-31T09:19:32","modified_gmt":"2006-08-31T07:19:32","slug":"uber-alles-deutsche-gestammel-turmhoch-erhaben","status":"publish","type":"post","link":"http:\/\/www.scrupeda.net\/wordpress\/2006\/08\/30\/uber-alles-deutsche-gestammel-turmhoch-erhaben\/","title":{"rendered":"&#8220;&#8230; \u00fcber alles deutsche Gestammel turmhoch erhaben&#8221;"},"content":{"rendered":"<p><strong>Deutsch Sprech #3<\/strong><br \/>\n<small>Wieder dreht es sich um<br \/>\n<em>Hans M\u00fcller<br \/>\nDas ist unser Deutsch \u2013 Ein Zeitspiegel<br \/>\nLangensalza 1937<\/em><br \/>\nund die Links f\u00fchren zu den Scans zum selber lesen.<\/small><\/p>\n<p>&#8220;Ein \u00fcbler fremdartiger Geruch steigt von dieser gr\u00e4\u00dflichen <em>grandiosen Reportage<\/em> auf,&#8221; meint Hans M\u00fcller in dem kurzen &#8216;Grandios&#8217; betitelten Kapitel. Das ganze Kapitel dreht sich um eine nicht &#8216;angemessene&#8217; Ank\u00fcndigung eines Filmes \u00fcber den &#8216;<a href=\"http:\/\/de.wikipedia.org\/wiki\/Tag_von_Potsdam\">gro\u00dfen Tag von Potsdam&#8217;<\/a> mit den Worten: &#8220;Der gro\u00dfe Tag von Potsdam &#8211; ein grandiose Bildreportage!&#8221; <\/p>\n<blockquote><p>Wer dieses Werbewort gepr\u00e4gt hat, mu\u00df taub gewesen sein, denn er hat den Mi\u00dfklang nicht geh\u00f6rt, den die Reibung des gro\u00dfen deutschen Tages mit der franz\u00f6sischen <em>Reportage<\/em> aufschrillen l\u00e4\u00dft. Er war auch blind, denn er hat das Hakenkreuz und die deutschen Farben, die den gro\u00dfen Tag Deutschlands begr\u00fc\u00dften, offenar gar nicht wirklich geschaut; sonst h\u00e4tte er dieses gro\u00dfartige, gewaltige, prachtvolle, erhabene Schauspiel nicht mit der Sprache der Italiener und Franzosen <em>grandios<\/em> genannt!<\/p><\/blockquote>\n<p>In dem Ton geht es eine Weile, und das Fazit lautet nat\u00fcrlich, dass blo\u00df deutschnational meinen, die Propaganda anpreisen noch nicht reicht; ein richtiger Deutscher muss eben richtig deutsch f\u00fchlen. Gleichzeitig ist diese &#8216;Sprachpolitik&#8217; von einem geradezu extremen Sprachpositivismus geleitet:<\/p>\n<p><!--more--><\/p>\n<blockquote><p>[&#8230;] es ist nicht wahr, da\u00df das romanische Wort <em>grandios<\/em> irgend etwas enthalte, was unsere guten deutschen W\u00f6rter: gro\u00dfartig, pr\u00e4chtig, erhaben, wundervoll, in den Schatten stellen k\u00f6nnte. Dann m\u00fc\u00dften wir ja in den franz\u00f6sisch-deutschen W\u00f6rterb\u00fcchern hinter dem Worte grandios einen leeren Raum finden, ein Fragezeichen oder die Erkl\u00e4rung: &#8220;Im Deutschen nicht wiederzugeben, weil \u00fcber alles deutsche Gestammel turmhoch erhaben.&#8221;<\/p><\/blockquote>\n<p>Als ob es in der Wahl der Worte um ein h\u00f6her, gr\u00f6\u00dfer, weiter ginge. Als ob nicht jedes Wort Nuancen enthielte, die es von allen anderen Worten unterscheidet, schon allein vom Klang, der dem Autor doch an anderer Stelle so wichtig ist. Und weiter geht es wieder um das &#8216;gr\u00fcndliche S\u00e4ubern&#8217; &#8216;unserer Muttersprach&#8217; von allem &#8216;Fremdw\u00f6rteln&#8217;: <\/p>\n<blockquote><p>Sie soll nicht mehr schludrig und beschmutzt, sondern sauber und anst\u00e4ndig gekleidet einhergehen! Kampf dem Fremdwort!&#8221;<\/p><\/blockquote>\n<p>Immer wieder bin ich erstaunt, wie stark diese Sprache sexualisiert ist.<\/p>\n<p><a title=\"grandios_1.jpg\" href=\"http:\/\/flickr.com\/photos\/14034227@N00\/229410918\" ><img decoding=\"async\" src=\"http:\/\/static.flickr.com\/83\/229410918_39aab89a1e_d.jpg\" border=\"0\"\/><\/a><\/p>\n<p><a href=\"http:\/\/www.flickr.com\/photos\/playinprogress\/229410972\/\" title=\"Photo Sharing\"><img loading=\"lazy\" decoding=\"async\" src=\"http:\/\/static.flickr.com\/77\/229410972_087acf3045_o.jpg\" width=\"490\" height=\"773\" alt=\"grandios_2.jpg\" \/><\/a><\/p>\n<p><a title=\"grandios_3.jpg\" href=\"http:\/\/flickr.com\/photos\/14034227@N00\/229410983\" ><img decoding=\"async\" src=\"http:\/\/static.flickr.com\/63\/229410983_75837a0a68_d.jpg\" border=\"0\"\/><\/a><\/p>\n","protected":false},"excerpt":{"rendered":"<p>Deutsch Sprech #3 Wieder dreht es sich um Hans M\u00fcller Das ist unser Deutsch \u2013 Ein Zeitspiegel Langensalza 1937 und die Links f\u00fchren zu den Scans zum selber lesen. &#8220;Ein \u00fcbler fremdartiger Geruch steigt von dieser gr\u00e4\u00dflichen grandiosen Reportage auf,&#8221; meint Hans M\u00fcller in dem kurzen &#8216;Grandios&#8217; betitelten Kapitel. Das ganze Kapitel dreht sich um [&hellip;]<\/p>\n","protected":false},"author":1,"featured_media":0,"comment_status":"open","ping_status":"open","sticky":false,"template":"","format":"standard","meta":{"footnotes":""},"categories":[8,15],"tags":[],"class_list":["post-99","post","type-post","status-publish","format-standard","hentry","category-bucher","category-geschichte"],"_links":{"self":[{"href":"http:\/\/www.scrupeda.net\/wordpress\/wp-json\/wp\/v2\/posts\/99","targetHints":{"allow":["GET"]}}],"collection":[{"href":"http:\/\/www.scrupeda.net\/wordpress\/wp-json\/wp\/v2\/posts"}],"about":[{"href":"http:\/\/www.scrupeda.net\/wordpress\/wp-json\/wp\/v2\/types\/post"}],"author":[{"embeddable":true,"href":"http:\/\/www.scrupeda.net\/wordpress\/wp-json\/wp\/v2\/users\/1"}],"replies":[{"embeddable":true,"href":"http:\/\/www.scrupeda.net\/wordpress\/wp-json\/wp\/v2\/comments?post=99"}],"version-history":[{"count":0,"href":"http:\/\/www.scrupeda.net\/wordpress\/wp-json\/wp\/v2\/posts\/99\/revisions"}],"wp:attachment":[{"href":"http:\/\/www.scrupeda.net\/wordpress\/wp-json\/wp\/v2\/media?parent=99"}],"wp:term":[{"taxonomy":"category","embeddable":true,"href":"http:\/\/www.scrupeda.net\/wordpress\/wp-json\/wp\/v2\/categories?post=99"},{"taxonomy":"post_tag","embeddable":true,"href":"http:\/\/www.scrupeda.net\/wordpress\/wp-json\/wp\/v2\/tags?post=99"}],"curies":[{"name":"wp","href":"https:\/\/api.w.org\/{rel}","templated":true}]}}